{"id":2004,"date":"2022-01-17T16:33:56","date_gmt":"2022-01-17T16:33:56","guid":{"rendered":"https:\/\/srilanka.factcrescendo.com\/english\/?p=2004"},"modified":"2022-02-21T09:50:45","modified_gmt":"2022-02-21T09:50:45","slug":"no-europe-has-not-relaxed-mask-and-vaccine-mandate","status":"publish","type":"post","link":"https:\/\/srilanka.factcrescendo.com\/english\/no-europe-has-not-relaxed-mask-and-vaccine-mandate\/","title":{"rendered":"EXPLAINER: Has Europe Proposed To Relax Mask And Vaccine Mandate?"},"content":{"rendered":"\n<figure class=\"wp-block-image\"><img decoding=\"async\" src=\"https:\/\/srilanka.factcrescendo.com\/english\/wp-content\/uploads\/2022\/02\/img_6213607611915.jpg\" alt=\"\"\/><\/figure>\n\n\n\n<p>Caption \u2013 Source: Susana Vera\/Reuters<\/p>\n\n\n\n<p>The Omicron variant of coronavirus is spreading fast with massive spikes in daily cases in various nations. World Health Organization <a href=\"https:\/\/www.bbc.com\/news\/world-europe-59948920\">has even warned<\/a> that half of Europe to be infected with Omicron within the next six to eight weeks.<\/p>\n\n\n\n<p>In India alone, 268,833 new Covid-19 cases and 402 deaths in the last 24 hours were reported. There are now 6041 Omicron cases in the country till Saturday morning.<\/p>\n\n\n\n<p>Amidst this new wave of the Covid-19 infections, a news report is making rounds on social media claiming that Europe is considering relaxing mask and vaccine mandates and treating Covid-19 as \u2018flu\u2019.<\/p>\n\n\n\n<p>Users have been sharing the link and the screenshot of the <a href=\"https:\/\/www.orissapost.com\/no-more-mask-and-vaccine-mandate-europe-starts-considering-covid-19-as-flu-asks-people-to-live-with-it\/\">news article<\/a> by Orissa Post titled: <em>\u201cNo more Mask and Vaccine Mandate: Europe starts considering covid-19 as flu asks people to live with it\u201d <\/em>(<a href=\"https:\/\/archive.is\/FxkAz\">Archived<\/a>)<\/p>\n\n\n\n<figure class=\"wp-block-image size-full\"><img fetchpriority=\"high\" decoding=\"async\" width=\"695\" height=\"537\" src=\"https:\/\/srilanka.factcrescendo.com\/english\/wp-content\/uploads\/2022\/01\/image-24.png\" alt=\"\" class=\"wp-image-2006\" srcset=\"https:\/\/srilanka.factcrescendo.com\/english\/wp-content\/uploads\/2022\/01\/image-24.png 695w, https:\/\/srilanka.factcrescendo.com\/english\/wp-content\/uploads\/2022\/01\/image-24-300x232.png 300w\" sizes=\"(max-width: 695px) 100vw, 695px\" \/><\/figure>\n\n\n\n<p>Original Link \u2013 <a href=\"https:\/\/www.facebook.com\/shyam.sharma.1804109\/posts\/5020937421270052?__cft__%5b0%5d=AZWeVsn_r6vE-jatoo0iJrrAlRoNBPbAO8MyLWxg_6ecNIUlD2r3-z-1KO5ta2MCm9WBPoQyzGKRFxd_yfYjW9pxdLqYuEXgN_El6rohD-x40w&amp;__tn__=%2CO%2CP-R\">Facebook<\/a> | <a href=\"https:\/\/www.facebook.com\/nikki.batch.7\/posts\/10158805783212903?__cft__%5b0%5d=AZVRlNWWaKq_srcvfOHVOKQuX6nMEUEZ0VURYDT_qam7nK4FGopinKzWy1YDXGQ51WdZfShtbwOPQJ1gtWXPG9DmvVj0zuApWiwF_00WWoHh5Q&amp;__tn__=%2CO%2CP-R\">Facebook<\/a> | <a href=\"https:\/\/www.facebook.com\/himmat.anand.5\/posts\/4775664799136024?__cft__%5b0%5d=AZW2ntkW49k8tIY4nrAQ4ueXxpfV6wXTZMW6v7UOeT-I482r1_eAsy3Ygj_B9K20PYRC6efo5OVhhriaQSd8vrxSjQvygRuH0byvQbXbO4mPdQ&amp;__tn__=%2CO%2CP-R\">Facebook<\/a><\/p>\n\n\n\n<p>Many people have expressed their displeasure over the news of \u201cno mask and Vaccine Mandate in Europe.\u201d<\/p>\n\n\n\n<p>\u201cThere could be nothing more bizarre and dangerous than this stand being taken by some Governments. And because of the stupidity of some of these countries, citizens of other European countries are also defying the precautions we are supposed to be taking,\u201d a <a href=\"https:\/\/www.facebook.com\/himmat.anand.5\/posts\/4775664799136024?__cft__%5b0%5d=AZW2ntkW49k8tIY4nrAQ4ueXxpfV6wXTZMW6v7UOeT-I482r1_eAsy3Ygj_B9K20PYRC6efo5OVhhriaQSd8vrxSjQvygRuH0byvQbXbO4mPdQ&amp;__tn__=%2CO%2CP-R\">Facebook user<\/a> wrote.&nbsp;<\/p>\n\n\n\n<p>Fact Crescendo received many requests about this news article on our <a href=\"https:\/\/wa.me\/919049053770\">WhatsApp FactLine (9049053770)<\/a> asking whether Europe really had taken such a decision.&nbsp;<\/p>\n\n\n\n<p>The answer in one word is: NO<\/p>\n\n\n\n<p>Let us explain in detail.<\/p>\n\n\n\n<p><strong>What is said in the Orissa Post article?<\/strong><\/p>\n\n\n\n<p>The report published on 12 Jan mentioned that \u201cSpain is calling for Covid-19 to be treated as an endemic disease, like the flu, becoming the first major European nation to explicitly suggest that people live with it.\u201d<\/p>\n\n\n\n<p>The news report was based on a radio interview of Spanish Prime Minister Pedro S\u00e1nchez on Monday.<\/p>\n\n\n\n<p>Nowhere in this report by the Orissa Post had it mentioned that European nations have relaxed or even considered relaxing mask and vaccine mandates.&nbsp;<\/p>\n\n\n\n<p>Point to be noted that this report was not done or written by the Orissa Post themselves. They only published it from a syndicated feed from IANS. Even <a href=\"https:\/\/www.ndtv.com\/world-news\/europe-starts-to-consider-treating-covid-like-the-flu-live-with-it-2703334\">NDTV<\/a> has the same report (except for the headline) on their website.&nbsp;<\/p>\n\n\n\n<figure class=\"wp-block-embed is-type-rich is-provider-twitter wp-block-embed-twitter\"><div class=\"wp-block-embed__wrapper\">\n<blockquote class=\"twitter-tweet\" data-width=\"550\" data-dnt=\"true\"><p lang=\"en\" dir=\"ltr\">Just live with it, says Spain.<br><br>It&#39;s the first major European nation to call for Covid-19 to be treated as an endemic disease, like the flu <a href=\"https:\/\/t.co\/G897m7PfqH\">https:\/\/t.co\/G897m7PfqH<\/a><\/p>&mdash; Bloomberg (@business) <a href=\"https:\/\/twitter.com\/business\/status\/1480963088337850371?ref_src=twsrc%5Etfw\">January 11, 2022<\/a><\/blockquote><script async src=\"https:\/\/platform.twitter.com\/widgets.js\" charset=\"utf-8\"><\/script>\n<\/div><\/figure>\n\n\n\n<p>All these media websites have merely published an article first done by <a href=\"https:\/\/t.co\/G897m7PNgf\">Bloomberg<\/a>.<\/p>\n\n\n\n<p>\u201cSpain became the first major European nation to call for Covid-19 to be treated as an endemic disease, like the flu,\u201d reports Kevin Whitelaw for Bloomberg on Jan 11.&nbsp;<\/p>\n\n\n\n<p>It clarifies that the Orissa Post has changed the headline of the original news and added \u201cNo more mask and Vaccine mandate\u201d in the title.<\/p>\n\n\n\n<p><strong>ALSO READ: <\/strong><a href=\"https:\/\/english.factcrescendo.com\/2021\/09\/14\/covid-vaccination-has-not-been-banned-by-the-german-government\/\"><strong>COVID-19 Vaccination has NOT been banned by the German Government<\/strong><\/a><\/p>\n\n\n\n<p><strong>What did really Spanish PM say?<\/strong><\/p>\n\n\n\n<p>Prime Minister of Spain Pedro S\u00e1nchez had given an interview to Cadena SER radio on Monday, Jan 11.<\/p>\n\n\n\n<p>Citing the omicron variant&#8217;s lower hospitalization and death rates despite the record number of infections, S\u00e1nchez expressed a prospect of Europe moving beyond pandemic-style restrictions on normal life.<\/p>\n\n\n\n<p>You can watch his full interview below.<\/p>\n\n\n\n<p>Nowhere in this interview, he say he would revoke mask or vaccine mandate.<\/p>\n\n\n\n<p>Speaking about the effectiveness of the masks, S\u00e1nchez said, \u201cScientific evidence says that the mask also helps outdoors. Along with vaccination, the mask is one of the most effective measures.&#8221;<\/p>\n\n\n\n<p>Since 22 December, wearing a mask outside is mandatory in Spain. S\u00e1nchez had <a href=\"http:\/\/bbc.com\/news\/world-europe-59762046\">announced the rule<\/a> for face-coverings outside in response to a dramatic rise in Covid-19 infections.<\/p>\n\n\n\n<p>He even claimed in the radio interview that more than 90% of the Spanish population had been vaccinated. He also announced that Spain would purchase 344,000 doses of COVID antivirals developed by Pfizer.&nbsp;<\/p>\n\n\n\n<figure class=\"wp-block-embed is-type-video is-provider-youtube wp-block-embed-youtube wp-embed-aspect-16-9 wp-has-aspect-ratio\"><div class=\"wp-block-embed__wrapper\">\n<div class=\"jetpack-video-wrapper\"><iframe title=\"S\u00e1nchez anuncia la compra de antivirales COVID y la regulaci\u00f3n del precio de los test de ant\u00edgenos\" width=\"640\" height=\"360\" src=\"https:\/\/www.youtube.com\/embed\/zfcmsDEaH-Q?feature=oembed\" frameborder=\"0\" allow=\"accelerometer; autoplay; clipboard-write; encrypted-media; gyroscope; picture-in-picture; web-share\" referrerpolicy=\"strict-origin-when-cross-origin\" allowfullscreen><\/iframe><\/div>\n<\/div><\/figure>\n\n\n\n<p><strong>ALSO READ: <\/strong><a href=\"https:\/\/english.factcrescendo.com\/2022\/01\/14\/viral-statement-on-covid-19-vaccines-falsely-attributed-to-bill-gates\/\"><strong>Bill Gates did not \u201cconfess\u201d that Covid-19 vaccines should be withdrawn immediately<\/strong><\/a><\/p>\n\n\n\n<p><strong>What is Tracking Covid-19 like the Flu?<\/strong><\/p>\n\n\n\n<p>Spanish PM Pedro S\u00e1nchez\u2019s comment on treating the Covid-19 pandemic as an endemic illness like flu has caused fiery debate.&nbsp;<\/p>\n\n\n\n<p>In the interview, S\u00e1nchez <a href=\"https:\/\/cadenaser.com\/programa\/2022\/01\/10\/hoy_por_hoy\/1641795654_026810.html\">revealed<\/a> that the Spanish government was considering changing how it tracks the pandemic&#8217;s evolution to instead use a method similar to how it follows the flu.<\/p>\n\n\n\n<p>&#8220;We have the conditions to gradually, with precaution, open the debate at a technical level and European level, to start evaluating the evolution of this disease with different parameters than we have until now,&#8221; Sanchez <a href=\"https:\/\/www.reuters.com\/world\/europe\/spains-sanchez-suggests-tracking-pandemic-differently-covid-lethality-has-fallen-2022-01-10\/\">said<\/a>.<\/p>\n\n\n\n<p>Leading Spanish daily <a href=\"https:\/\/english.elpais.com\/society\/2022-01-10\/with-coronavirus-cases-on-the-rise-spain-adapts-influenza-surveillance-system-to-covid-19.html\">El Pais<\/a> had first reported that Spain was going to adopt a new Covid-19 surveillance system akin to the one that has been used to monitor the flu.&nbsp;<\/p>\n\n\n\n<p>The new system will extrapolate numbers from a statistically significant sample, rather than rely on daily reporting of each and every diagnosed infection. Under the new system, there will be no more reporting of every single diagnosed infection, nor will tests be carried out at the slightest symptom. The coronavirus will be monitored just like any other respiratory illness.<\/p>\n\n\n\n<p><strong>ALSO READ: <\/strong><a href=\"https:\/\/english.factcrescendo.com\/2021\/12\/06\/phantom-comic-strip-did-not-predicted-the-china-virus-in-1957\/\"><strong>Phantom Comics Did Not Prophesize about \u2018China Virus\u2019 in 1957<\/strong><\/a><\/p>\n\n\n\n<p><strong>What Does WHO Say?<\/strong><\/p>\n\n\n\n<p>After the Spanish PM revealed his government\u2019s new Covid-19 surveillance plan, World Health Organization came forward warning against treating Covid-19 like flu.<\/p>\n\n\n\n<p>&#8220;We still have a huge amount of uncertainty and a virus that is evolving quite quickly, imposing new challenges. We are certainly not at the point where we are able to call it endemic,&#8221;Catherine Smallwood, senior emergency officer for WHO Europe, <a href=\"https:\/\/www.reuters.com\/business\/healthcare-pharmaceuticals\/who-warns-against-treating-covid-19-like-flu-2022-01-11\/\">told<\/a> a press briefing.<\/p>\n\n\n\n<p>Hans Kluge, WHO director in Europe, <a href=\"https:\/\/english.elpais.com\/society\/2022-01-13\/spain-seeking-to-lead-world-with-new-covid-19-monitoring-system.html\">made clear<\/a> on Tuesday that Covid-19 cannot yet be considered an endemic disease. Experts from the WHO believe that cases will have to stabilize before this can happen, and display more predictable patterns.<\/p>\n\n\n\n<p><strong>ALSO READ: <\/strong><a href=\"https:\/\/english.factcrescendo.com\/2021\/12\/04\/fact-check-is-there-a-movie-called-the-omicron-variant-in-1963\/\"><strong>No Movie Named \u2018The Omicron Variant\u2019 Was Released in 1963<\/strong><\/a><\/p>\n\n\n\n<p><strong>Difference between Influenza (Flu) and COVID-19<\/strong><\/p>\n\n\n\n<p>The flu is very common, especially in the season, and usually, the symptoms are fever, headache, muscle ache, but also upper respiratory symptoms such as sneezing and coughing.<\/p>\n\n\n\n<p>Covid-19 has specific symptoms such as anosmia, which is a lack of smell taste. (Information from <a href=\"https:\/\/www.who.int\/emergencies\/diseases\/novel-coronavirus-2019\/media-resources\/science-in-5\/episode-59---flu-covid-19\">WHO<\/a>)<\/p>\n\n\n\n<p>Compared to flu, COVID-19 can cause more serious illnesses in some people. COVID-19 can also take longer before people show symptoms.<\/p>\n\n\n\n<p>Because some of the symptoms of flu and COVID-19 are similar, the difference between them cannot be made based on symptoms alone.&nbsp;<\/p>\n\n\n\n<p>Testing is needed to tell what the illness is and to confirm a diagnosis. People can be infected with both flu and the virus that causes COVID-19 at the same time and have symptoms of both influenza and COVID-19.<\/p>\n\n\n\n<figure class=\"wp-block-embed is-type-video is-provider-youtube wp-block-embed-youtube wp-embed-aspect-16-9 wp-has-aspect-ratio\"><div class=\"wp-block-embed__wrapper\">\n<div class=\"jetpack-video-wrapper\"><iframe title=\"WHO\u2019s Science in 5: Flu &amp; COVID-19\" width=\"640\" height=\"360\" src=\"https:\/\/www.youtube.com\/embed\/ceBgCLG-QbY?feature=oembed\" frameborder=\"0\" allow=\"accelerometer; autoplay; clipboard-write; encrypted-media; gyroscope; picture-in-picture; web-share\" referrerpolicy=\"strict-origin-when-cross-origin\" allowfullscreen><\/iframe><\/div>\n<\/div><\/figure>\n\n\n\n<p><strong>ALSO READ: <\/strong><a href=\"https:\/\/english.factcrescendo.com\/2021\/04\/30\/masks-are-not-infected-with-germs-and-worms-in-this-viral-video\/\"><strong>Don\u2019t Believe the Video Showing Germs Coming out of Masks<\/strong><\/a><\/p>\n\n\n\n<p><strong>CONCLUSION<\/strong><\/p>\n\n\n\n<p>Neither Spain nor any other European nations have relaxed mask or vaccine mandate. Spanish PM has only said his government would monitor Covid-19 infections by using a similar method that has been used to track Flu. He also urged other European nations to treat Covid-19 spread as endemic, rather than as pandemic.<\/p>\n\n\n\n<p>If you come across any suspicious content on social media, forward it to our <a href=\"https:\/\/wa.me\/919049053770\">WhatsApp FactLine (9049053770)<\/a> for a fact-check.<\/p>\n\n\n\n\t\t\t\t<!DOCTYPE html>\n\t\t\t\t<html>\n\t\t\t\t<head>\n\t\t\t\t<meta name=\"viewport\" content=\"width=device-width, initial-scale=1\">\n\t\t\t\t<style>\n\t\t\t\t.container {\n\t\t\t\t  border: 2px solid #000;\n\t\t\t\t  background-color: #eee;\n\t\t\t\t  border-radius: 5px;\n\t\t\t\t  padding: 16px;\n\t\t\t\t  margin: 16px 0\n\t\t\t\t}\n\n\t\t\t\t.container::after {\n\t\t\t\t  content: \"\";\n\t\t\t\t  clear: both;\n\t\t\t\t  display: table;\n\t\t\t\t}\n\n\t\t\t\t.container img {\n\t\t\t\t  float: left;\n\t\t\t\t  margin-right: 20px;\n\t\t\t\t  border-radius: 50%;\n\t\t\t\t}\n\n\t\t\t\t.container span {\n\t\t\t\t  font-size: 20px;\n\t\t\t\t  margin-right: 15px;\n\t\t\t\t}\n\n\t\t\t\t@media (max-width: 500px) {\n\t\t\t\t  .container {\n\t\t\t\t\t  text-align: center;\n\t\t\t\t  }\n\t\t\t\t  .container img {\n\t\t\t\t\t  margin: auto;\n\t\t\t\t\t  float: none;\n\t\t\t\t\t  display: block;\n\t\t\t\t  }\n\t\t\t\t}\n\t\t\t\t<\/style>\n\t\t\t\t<\/head>\n\t\t\t\t<body>\n\t\t\t\t<div class=\"container\">\n\t\t\t\t  <img decoding=\"async\" src=\"https:\/\/srilanka.factcrescendo.com\/english\/wp-content\/uploads\/2022\/02\/1_Explainer.png\" alt=\"Avatar\" style=\"width:120px\">\n\t\t\t\t  <p><span>Title:<\/span>EXPLAINER: Has Europe Proposed To Relax Mask And Vaccine Mandate?\n<\/p>\n\t\t\t\t  <strong>By:&nbsp;<a href=\"mailto:info@factcrescendo.com\" target=\"_blank\" rel=\"noreferrer noopener\">Fact Crescendo Team<\/a>&nbsp;<\/strong>\n\t\t\t\t  <p><strong>Result:<\/strong> Explainer<\/p>\n\t\t\t\t<\/div>\n\n\t\t\t\t<\/body>\n\t\t\t\t<\/html>\n","protected":false},"excerpt":{"rendered":"<p>Caption \u2013 Source: Susana Vera\/Reuters The Omicron variant of coronavirus is spreading fast with massive spikes in daily cases in various nations. World Health Organization has even warned that half of Europe to be infected with Omicron within the next six to eight weeks. In India alone, 268,833 new Covid-19 cases and 402 deaths in [&hellip;]<\/p>\n","protected":false},"author":7,"featured_media":2007,"comment_status":"open","ping_status":"open","sticky":false,"template":"","format":"standard","meta":{"_jetpack_memberships_contains_paid_content":false,"footnotes":""},"categories":[175,362],"tags":[132,160,802,803,447],"class_list":["post-2004","post","type-post","status-publish","format-standard","has-post-thumbnail","hentry","category-coronavirus","category-explainer","tag-coronavirus","tag-covid-19","tag-no-mask","tag-spanish-pm","tag-vaccine"],"yoast_head":"<!-- This site is optimized with the Yoast SEO plugin v27.4 - https:\/\/yoast.com\/product\/yoast-seo-wordpress\/ -->\n<title>EXPLAINER: Has Europe Proposed To Relax Mask And Vaccine Mandate? - Fact Crescendo Sri Lanka English | The leading fact-checking website<\/title>\n<meta name=\"robots\" content=\"index, follow, max-snippet:-1, max-image-preview:large, max-video-preview:-1\" \/>\n<link rel=\"canonical\" href=\"https:\/\/srilanka.factcrescendo.com\/english\/no-europe-has-not-relaxed-mask-and-vaccine-mandate\/\" \/>\n<meta property=\"og:locale\" content=\"en_US\" \/>\n<meta property=\"og:type\" content=\"article\" \/>\n<meta property=\"og:title\" content=\"EXPLAINER: Has Europe Proposed To Relax Mask And Vaccine Mandate? - Fact Crescendo Sri Lanka English | The leading fact-checking website\" \/>\n<meta property=\"og:description\" content=\"Caption \u2013 Source: Susana Vera\/Reuters The Omicron variant of coronavirus is spreading fast with massive spikes in daily cases in various nations. World Health Organization has even warned that half of Europe to be infected with Omicron within the next six to eight weeks. In India alone, 268,833 new Covid-19 cases and 402 deaths in [&hellip;]\" \/>\n<meta property=\"og:url\" content=\"https:\/\/srilanka.factcrescendo.com\/english\/no-europe-has-not-relaxed-mask-and-vaccine-mandate\/\" \/>\n<meta property=\"og:site_name\" content=\"Fact Crescendo Sri Lanka English | The leading fact-checking website\" \/>\n<meta property=\"article:published_time\" content=\"2022-01-17T16:33:56+00:00\" \/>\n<meta property=\"article:modified_time\" content=\"2022-02-21T09:50:45+00:00\" \/>\n<meta property=\"og:image\" content=\"https:\/\/srilanka.factcrescendo.com\/english\/wp-content\/uploads\/2022\/01\/Post-No-06-mayur.png\" \/>\n\t<meta property=\"og:image:width\" content=\"622\" \/>\n\t<meta property=\"og:image:height\" content=\"420\" \/>\n\t<meta property=\"og:image:type\" content=\"image\/png\" \/>\n<meta name=\"author\" content=\"Fact Crescendo Team\" \/>\n<meta name=\"twitter:card\" content=\"summary_large_image\" \/>\n<meta name=\"twitter:label1\" content=\"Written by\" \/>\n\t<meta name=\"twitter:data1\" content=\"Fact Crescendo Team\" \/>\n\t<meta name=\"twitter:label2\" content=\"Est. reading time\" \/>\n\t<meta name=\"twitter:data2\" content=\"7 minutes\" \/>\n<script type=\"application\/ld+json\" class=\"yoast-schema-graph\">{\"@context\":\"https:\\\/\\\/schema.org\",\"@graph\":[{\"@type\":\"Article\",\"@id\":\"https:\\\/\\\/srilanka.factcrescendo.com\\\/english\\\/no-europe-has-not-relaxed-mask-and-vaccine-mandate\\\/#article\",\"isPartOf\":{\"@id\":\"https:\\\/\\\/srilanka.factcrescendo.com\\\/english\\\/no-europe-has-not-relaxed-mask-and-vaccine-mandate\\\/\"},\"author\":{\"name\":\"Fact Crescendo Team\",\"@id\":\"https:\\\/\\\/srilanka.factcrescendo.com\\\/english\\\/#\\\/schema\\\/person\\\/589cc8b155bd0ec55cc3a7e616e4e399\"},\"headline\":\"EXPLAINER: Has Europe Proposed To Relax Mask And Vaccine Mandate?\",\"datePublished\":\"2022-01-17T16:33:56+00:00\",\"dateModified\":\"2022-02-21T09:50:45+00:00\",\"mainEntityOfPage\":{\"@id\":\"https:\\\/\\\/srilanka.factcrescendo.com\\\/english\\\/no-europe-has-not-relaxed-mask-and-vaccine-mandate\\\/\"},\"wordCount\":1217,\"commentCount\":0,\"publisher\":{\"@id\":\"https:\\\/\\\/srilanka.factcrescendo.com\\\/english\\\/#organization\"},\"image\":{\"@id\":\"https:\\\/\\\/srilanka.factcrescendo.com\\\/english\\\/no-europe-has-not-relaxed-mask-and-vaccine-mandate\\\/#primaryimage\"},\"thumbnailUrl\":\"https:\\\/\\\/srilanka.factcrescendo.com\\\/english\\\/wp-content\\\/uploads\\\/2022\\\/01\\\/Post-No-06-mayur.png\",\"keywords\":[\"Coronavirus\",\"COVID-19\",\"No Mask\",\"Spanish PM\",\"Vaccine\"],\"articleSection\":[\"Coronavirus\",\"Explainer\"],\"inLanguage\":\"en-US\",\"potentialAction\":[{\"@type\":\"CommentAction\",\"name\":\"Comment\",\"target\":[\"https:\\\/\\\/srilanka.factcrescendo.com\\\/english\\\/no-europe-has-not-relaxed-mask-and-vaccine-mandate\\\/#respond\"]}]},{\"@type\":\"WebPage\",\"@id\":\"https:\\\/\\\/srilanka.factcrescendo.com\\\/english\\\/no-europe-has-not-relaxed-mask-and-vaccine-mandate\\\/\",\"url\":\"https:\\\/\\\/srilanka.factcrescendo.com\\\/english\\\/no-europe-has-not-relaxed-mask-and-vaccine-mandate\\\/\",\"name\":\"EXPLAINER: Has Europe Proposed To Relax Mask And Vaccine Mandate? - Fact Crescendo Sri Lanka English | The leading fact-checking website\",\"isPartOf\":{\"@id\":\"https:\\\/\\\/srilanka.factcrescendo.com\\\/english\\\/#website\"},\"primaryImageOfPage\":{\"@id\":\"https:\\\/\\\/srilanka.factcrescendo.com\\\/english\\\/no-europe-has-not-relaxed-mask-and-vaccine-mandate\\\/#primaryimage\"},\"image\":{\"@id\":\"https:\\\/\\\/srilanka.factcrescendo.com\\\/english\\\/no-europe-has-not-relaxed-mask-and-vaccine-mandate\\\/#primaryimage\"},\"thumbnailUrl\":\"https:\\\/\\\/srilanka.factcrescendo.com\\\/english\\\/wp-content\\\/uploads\\\/2022\\\/01\\\/Post-No-06-mayur.png\",\"datePublished\":\"2022-01-17T16:33:56+00:00\",\"dateModified\":\"2022-02-21T09:50:45+00:00\",\"breadcrumb\":{\"@id\":\"https:\\\/\\\/srilanka.factcrescendo.com\\\/english\\\/no-europe-has-not-relaxed-mask-and-vaccine-mandate\\\/#breadcrumb\"},\"inLanguage\":\"en-US\",\"potentialAction\":[{\"@type\":\"ReadAction\",\"target\":[\"https:\\\/\\\/srilanka.factcrescendo.com\\\/english\\\/no-europe-has-not-relaxed-mask-and-vaccine-mandate\\\/\"]}]},{\"@type\":\"ImageObject\",\"inLanguage\":\"en-US\",\"@id\":\"https:\\\/\\\/srilanka.factcrescendo.com\\\/english\\\/no-europe-has-not-relaxed-mask-and-vaccine-mandate\\\/#primaryimage\",\"url\":\"https:\\\/\\\/srilanka.factcrescendo.com\\\/english\\\/wp-content\\\/uploads\\\/2022\\\/01\\\/Post-No-06-mayur.png\",\"contentUrl\":\"https:\\\/\\\/srilanka.factcrescendo.com\\\/english\\\/wp-content\\\/uploads\\\/2022\\\/01\\\/Post-No-06-mayur.png\",\"width\":622,\"height\":420},{\"@type\":\"BreadcrumbList\",\"@id\":\"https:\\\/\\\/srilanka.factcrescendo.com\\\/english\\\/no-europe-has-not-relaxed-mask-and-vaccine-mandate\\\/#breadcrumb\",\"itemListElement\":[{\"@type\":\"ListItem\",\"position\":1,\"name\":\"Home\",\"item\":\"https:\\\/\\\/srilanka.factcrescendo.com\\\/english\\\/\"},{\"@type\":\"ListItem\",\"position\":2,\"name\":\"EXPLAINER: Has Europe Proposed To Relax Mask And Vaccine Mandate?\"}]},{\"@type\":\"WebSite\",\"@id\":\"https:\\\/\\\/srilanka.factcrescendo.com\\\/english\\\/#website\",\"url\":\"https:\\\/\\\/srilanka.factcrescendo.com\\\/english\\\/\",\"name\":\"Fact Crescendo Sri Lanka English | The leading fact-checking website\",\"description\":\"The Fact Behind Every News!\",\"publisher\":{\"@id\":\"https:\\\/\\\/srilanka.factcrescendo.com\\\/english\\\/#organization\"},\"potentialAction\":[{\"@type\":\"SearchAction\",\"target\":{\"@type\":\"EntryPoint\",\"urlTemplate\":\"https:\\\/\\\/srilanka.factcrescendo.com\\\/english\\\/?s={search_term_string}\"},\"query-input\":{\"@type\":\"PropertyValueSpecification\",\"valueRequired\":true,\"valueName\":\"search_term_string\"}}],\"inLanguage\":\"en-US\"},{\"@type\":\"Organization\",\"@id\":\"https:\\\/\\\/srilanka.factcrescendo.com\\\/english\\\/#organization\",\"name\":\"Fact Crescendo Sri Lanka English | The leading fact-checking website\",\"url\":\"https:\\\/\\\/srilanka.factcrescendo.com\\\/english\\\/\",\"logo\":{\"@type\":\"ImageObject\",\"inLanguage\":\"en-US\",\"@id\":\"https:\\\/\\\/srilanka.factcrescendo.com\\\/english\\\/#\\\/schema\\\/logo\\\/image\\\/\",\"url\":\"https:\\\/\\\/srilanka.factcrescendo.com\\\/english\\\/wp-content\\\/uploads\\\/2024\\\/11\\\/Logo-For-Wbsite-e1731583730815.png\",\"contentUrl\":\"https:\\\/\\\/srilanka.factcrescendo.com\\\/english\\\/wp-content\\\/uploads\\\/2024\\\/11\\\/Logo-For-Wbsite-e1731583730815.png\",\"width\":320,\"height\":89,\"caption\":\"Fact Crescendo Sri Lanka English | The leading fact-checking website\"},\"image\":{\"@id\":\"https:\\\/\\\/srilanka.factcrescendo.com\\\/english\\\/#\\\/schema\\\/logo\\\/image\\\/\"}},{\"@type\":\"Person\",\"@id\":\"https:\\\/\\\/srilanka.factcrescendo.com\\\/english\\\/#\\\/schema\\\/person\\\/589cc8b155bd0ec55cc3a7e616e4e399\",\"name\":\"Fact Crescendo Team\",\"image\":{\"@type\":\"ImageObject\",\"inLanguage\":\"en-US\",\"@id\":\"https:\\\/\\\/secure.gravatar.com\\\/avatar\\\/86c08783a646f1e234311eb25ec3af17752d3b651f50229a4862db4438cf4ee2?s=96&d=mm&r=g\",\"url\":\"https:\\\/\\\/secure.gravatar.com\\\/avatar\\\/86c08783a646f1e234311eb25ec3af17752d3b651f50229a4862db4438cf4ee2?s=96&d=mm&r=g\",\"contentUrl\":\"https:\\\/\\\/secure.gravatar.com\\\/avatar\\\/86c08783a646f1e234311eb25ec3af17752d3b651f50229a4862db4438cf4ee2?s=96&d=mm&r=g\",\"caption\":\"Fact Crescendo Team\"},\"url\":\"https:\\\/\\\/srilanka.factcrescendo.com\\\/english\\\/author\\\/factcrescendo-india-desk\\\/\"}]}<\/script>\n<!-- \/ Yoast SEO plugin. -->","yoast_head_json":{"title":"EXPLAINER: Has Europe Proposed To Relax Mask And Vaccine Mandate? - Fact Crescendo Sri Lanka English | The leading fact-checking website","robots":{"index":"index","follow":"follow","max-snippet":"max-snippet:-1","max-image-preview":"max-image-preview:large","max-video-preview":"max-video-preview:-1"},"canonical":"https:\/\/srilanka.factcrescendo.com\/english\/no-europe-has-not-relaxed-mask-and-vaccine-mandate\/","og_locale":"en_US","og_type":"article","og_title":"EXPLAINER: Has Europe Proposed To Relax Mask And Vaccine Mandate? - Fact Crescendo Sri Lanka English | The leading fact-checking website","og_description":"Caption \u2013 Source: Susana Vera\/Reuters The Omicron variant of coronavirus is spreading fast with massive spikes in daily cases in various nations. World Health Organization has even warned that half of Europe to be infected with Omicron within the next six to eight weeks. In India alone, 268,833 new Covid-19 cases and 402 deaths in [&hellip;]","og_url":"https:\/\/srilanka.factcrescendo.com\/english\/no-europe-has-not-relaxed-mask-and-vaccine-mandate\/","og_site_name":"Fact Crescendo Sri Lanka English | The leading fact-checking website","article_published_time":"2022-01-17T16:33:56+00:00","article_modified_time":"2022-02-21T09:50:45+00:00","og_image":[{"width":622,"height":420,"url":"https:\/\/srilanka.factcrescendo.com\/english\/wp-content\/uploads\/2022\/01\/Post-No-06-mayur.png","type":"image\/png"}],"author":"Fact Crescendo Team","twitter_card":"summary_large_image","twitter_misc":{"Written by":"Fact Crescendo Team","Est. reading time":"7 minutes"},"schema":{"@context":"https:\/\/schema.org","@graph":[{"@type":"Article","@id":"https:\/\/srilanka.factcrescendo.com\/english\/no-europe-has-not-relaxed-mask-and-vaccine-mandate\/#article","isPartOf":{"@id":"https:\/\/srilanka.factcrescendo.com\/english\/no-europe-has-not-relaxed-mask-and-vaccine-mandate\/"},"author":{"name":"Fact Crescendo Team","@id":"https:\/\/srilanka.factcrescendo.com\/english\/#\/schema\/person\/589cc8b155bd0ec55cc3a7e616e4e399"},"headline":"EXPLAINER: Has Europe Proposed To Relax Mask And Vaccine Mandate?","datePublished":"2022-01-17T16:33:56+00:00","dateModified":"2022-02-21T09:50:45+00:00","mainEntityOfPage":{"@id":"https:\/\/srilanka.factcrescendo.com\/english\/no-europe-has-not-relaxed-mask-and-vaccine-mandate\/"},"wordCount":1217,"commentCount":0,"publisher":{"@id":"https:\/\/srilanka.factcrescendo.com\/english\/#organization"},"image":{"@id":"https:\/\/srilanka.factcrescendo.com\/english\/no-europe-has-not-relaxed-mask-and-vaccine-mandate\/#primaryimage"},"thumbnailUrl":"https:\/\/srilanka.factcrescendo.com\/english\/wp-content\/uploads\/2022\/01\/Post-No-06-mayur.png","keywords":["Coronavirus","COVID-19","No Mask","Spanish PM","Vaccine"],"articleSection":["Coronavirus","Explainer"],"inLanguage":"en-US","potentialAction":[{"@type":"CommentAction","name":"Comment","target":["https:\/\/srilanka.factcrescendo.com\/english\/no-europe-has-not-relaxed-mask-and-vaccine-mandate\/#respond"]}]},{"@type":"WebPage","@id":"https:\/\/srilanka.factcrescendo.com\/english\/no-europe-has-not-relaxed-mask-and-vaccine-mandate\/","url":"https:\/\/srilanka.factcrescendo.com\/english\/no-europe-has-not-relaxed-mask-and-vaccine-mandate\/","name":"EXPLAINER: Has Europe Proposed To Relax Mask And Vaccine Mandate? - Fact Crescendo Sri Lanka English | The leading fact-checking website","isPartOf":{"@id":"https:\/\/srilanka.factcrescendo.com\/english\/#website"},"primaryImageOfPage":{"@id":"https:\/\/srilanka.factcrescendo.com\/english\/no-europe-has-not-relaxed-mask-and-vaccine-mandate\/#primaryimage"},"image":{"@id":"https:\/\/srilanka.factcrescendo.com\/english\/no-europe-has-not-relaxed-mask-and-vaccine-mandate\/#primaryimage"},"thumbnailUrl":"https:\/\/srilanka.factcrescendo.com\/english\/wp-content\/uploads\/2022\/01\/Post-No-06-mayur.png","datePublished":"2022-01-17T16:33:56+00:00","dateModified":"2022-02-21T09:50:45+00:00","breadcrumb":{"@id":"https:\/\/srilanka.factcrescendo.com\/english\/no-europe-has-not-relaxed-mask-and-vaccine-mandate\/#breadcrumb"},"inLanguage":"en-US","potentialAction":[{"@type":"ReadAction","target":["https:\/\/srilanka.factcrescendo.com\/english\/no-europe-has-not-relaxed-mask-and-vaccine-mandate\/"]}]},{"@type":"ImageObject","inLanguage":"en-US","@id":"https:\/\/srilanka.factcrescendo.com\/english\/no-europe-has-not-relaxed-mask-and-vaccine-mandate\/#primaryimage","url":"https:\/\/srilanka.factcrescendo.com\/english\/wp-content\/uploads\/2022\/01\/Post-No-06-mayur.png","contentUrl":"https:\/\/srilanka.factcrescendo.com\/english\/wp-content\/uploads\/2022\/01\/Post-No-06-mayur.png","width":622,"height":420},{"@type":"BreadcrumbList","@id":"https:\/\/srilanka.factcrescendo.com\/english\/no-europe-has-not-relaxed-mask-and-vaccine-mandate\/#breadcrumb","itemListElement":[{"@type":"ListItem","position":1,"name":"Home","item":"https:\/\/srilanka.factcrescendo.com\/english\/"},{"@type":"ListItem","position":2,"name":"EXPLAINER: Has Europe Proposed To Relax Mask And Vaccine Mandate?"}]},{"@type":"WebSite","@id":"https:\/\/srilanka.factcrescendo.com\/english\/#website","url":"https:\/\/srilanka.factcrescendo.com\/english\/","name":"Fact Crescendo Sri Lanka English | The leading fact-checking website","description":"The Fact Behind Every News!","publisher":{"@id":"https:\/\/srilanka.factcrescendo.com\/english\/#organization"},"potentialAction":[{"@type":"SearchAction","target":{"@type":"EntryPoint","urlTemplate":"https:\/\/srilanka.factcrescendo.com\/english\/?s={search_term_string}"},"query-input":{"@type":"PropertyValueSpecification","valueRequired":true,"valueName":"search_term_string"}}],"inLanguage":"en-US"},{"@type":"Organization","@id":"https:\/\/srilanka.factcrescendo.com\/english\/#organization","name":"Fact Crescendo Sri Lanka English | The leading fact-checking website","url":"https:\/\/srilanka.factcrescendo.com\/english\/","logo":{"@type":"ImageObject","inLanguage":"en-US","@id":"https:\/\/srilanka.factcrescendo.com\/english\/#\/schema\/logo\/image\/","url":"https:\/\/srilanka.factcrescendo.com\/english\/wp-content\/uploads\/2024\/11\/Logo-For-Wbsite-e1731583730815.png","contentUrl":"https:\/\/srilanka.factcrescendo.com\/english\/wp-content\/uploads\/2024\/11\/Logo-For-Wbsite-e1731583730815.png","width":320,"height":89,"caption":"Fact Crescendo Sri Lanka English | The leading fact-checking website"},"image":{"@id":"https:\/\/srilanka.factcrescendo.com\/english\/#\/schema\/logo\/image\/"}},{"@type":"Person","@id":"https:\/\/srilanka.factcrescendo.com\/english\/#\/schema\/person\/589cc8b155bd0ec55cc3a7e616e4e399","name":"Fact Crescendo Team","image":{"@type":"ImageObject","inLanguage":"en-US","@id":"https:\/\/secure.gravatar.com\/avatar\/86c08783a646f1e234311eb25ec3af17752d3b651f50229a4862db4438cf4ee2?s=96&d=mm&r=g","url":"https:\/\/secure.gravatar.com\/avatar\/86c08783a646f1e234311eb25ec3af17752d3b651f50229a4862db4438cf4ee2?s=96&d=mm&r=g","contentUrl":"https:\/\/secure.gravatar.com\/avatar\/86c08783a646f1e234311eb25ec3af17752d3b651f50229a4862db4438cf4ee2?s=96&d=mm&r=g","caption":"Fact Crescendo Team"},"url":"https:\/\/srilanka.factcrescendo.com\/english\/author\/factcrescendo-india-desk\/"}]}},"jetpack_featured_media_url":"https:\/\/srilanka.factcrescendo.com\/english\/wp-content\/uploads\/2022\/01\/Post-No-06-mayur.png","jetpack_sharing_enabled":true,"_links":{"self":[{"href":"https:\/\/srilanka.factcrescendo.com\/english\/wp-json\/wp\/v2\/posts\/2004","targetHints":{"allow":["GET"]}}],"collection":[{"href":"https:\/\/srilanka.factcrescendo.com\/english\/wp-json\/wp\/v2\/posts"}],"about":[{"href":"https:\/\/srilanka.factcrescendo.com\/english\/wp-json\/wp\/v2\/types\/post"}],"author":[{"embeddable":true,"href":"https:\/\/srilanka.factcrescendo.com\/english\/wp-json\/wp\/v2\/users\/7"}],"replies":[{"embeddable":true,"href":"https:\/\/srilanka.factcrescendo.com\/english\/wp-json\/wp\/v2\/comments?post=2004"}],"version-history":[{"count":3,"href":"https:\/\/srilanka.factcrescendo.com\/english\/wp-json\/wp\/v2\/posts\/2004\/revisions"}],"predecessor-version":[{"id":2252,"href":"https:\/\/srilanka.factcrescendo.com\/english\/wp-json\/wp\/v2\/posts\/2004\/revisions\/2252"}],"wp:featuredmedia":[{"embeddable":true,"href":"https:\/\/srilanka.factcrescendo.com\/english\/wp-json\/wp\/v2\/media\/2007"}],"wp:attachment":[{"href":"https:\/\/srilanka.factcrescendo.com\/english\/wp-json\/wp\/v2\/media?parent=2004"}],"wp:term":[{"taxonomy":"category","embeddable":true,"href":"https:\/\/srilanka.factcrescendo.com\/english\/wp-json\/wp\/v2\/categories?post=2004"},{"taxonomy":"post_tag","embeddable":true,"href":"https:\/\/srilanka.factcrescendo.com\/english\/wp-json\/wp\/v2\/tags?post=2004"}],"curies":[{"name":"wp","href":"https:\/\/api.w.org\/{rel}","templated":true}]}}